{"id":6863,"date":"2016-05-11T18:09:10","date_gmt":"2016-05-11T16:09:10","guid":{"rendered":"http:\/\/kruste.selfhost.me\/wordpress\/?p=6863"},"modified":"2021-03-25T19:57:28","modified_gmt":"2021-03-25T17:57:28","slug":"indonesien-3","status":"publish","type":"post","link":"http:\/\/kruste.selfhost.me\/wordpress\/?p=6863","title":{"rendered":"Costa Rica"},"content":{"rendered":"<div id=\"pl-6863\"  class=\"panel-layout\" ><div id=\"pg-6863-0\"  class=\"panel-grid panel-no-style\" ><div id=\"pgc-6863-0-0\"  class=\"panel-grid-cell\" ><div id=\"panel-6863-0-0-1\" class=\"so-panel widget widget_black-studio-tinymce widget_black_studio_tinymce panel-last-child\" data-index=\"1\" ><div class=\"textwidget\"><p>Feuchte Regenw\u00e4lder und schwei\u00dftreibende Touren, so habe ich mir Costa Rica vorgestellt. Trocken und staubig habe ich es erlebt aber alles der Reihe nach.<\/p>\n<p>Das Ziel dieser Reise war ein kleiner bunter Frosch, der die Titelseite so mancher Reiseprospekte \u00fcber Costa Rica schm\u00fcckt. Dieser kleine bunte Kerl ( Rotaugenlaubfrosch ) hatte es mir angetan und so fing ich an, mich \u00fcber Land und Leute sowie die Tierwelt des mittelamerikanischen Landes zu informieren.<\/p>\n<p>Schnell stelle sich heraus, dass in der geplanten 3 w\u00f6chigen Reisezeit nicht alle Regionen Costa Ricas zu erkunden sein werden und ich beschr\u00e4nkte mich auf die Grenzregion zu Nicaragua und die Pazifik K\u00fcste bis runter zur Grenze des Nachbarland Panama.<\/p>\n<p>Die Hauptstadt San Jos\u00e9 wurde als nicht sehr sehenswert und mit einer hoher Kriminalit\u00e4tsrate beschrieben, sodass ich von einem Besuch abstand nahm. Im R\u00fcckblick sicher ein guter Entschluss und die gewonnenen Eindr\u00fccke bei der R\u00fcckreise zum Flughafen bekr\u00e4ftigen mich bei dieser Entscheidung.<\/p>\n<p>Au\u00dferhalb der Hauptstadt bin ich jedoch ausschliesslich auf sehr freundliche und hilfsbereite Menschen gestossen und Angst vor \u00dcberf\u00e4llen hatte ich nie. Mulmig wurde es mir nur im dichten Regenwald, als der Weg zum Ziel nicht mehr ausfindig zu machen war.<\/p>\n<p>Bei der Reisplanung riet man mir davon ab jede Station genau zu planen bzw. zu buchen und das war genau richtig. Es ergaben sich auf der Reise immer wieder neue Ziele und so konnte ich flexibel meine Unterk\u00fcnfte w\u00e4hlen und habe dadurch die M\u00f6glichkeit gehabt, den Quetzal zu sehen. Ja genau, den Quetzal auch ich hatte von diesem Vogel vorab noch nie geh\u00f6rt.<\/p>\n<p>Ich R\u00fcckblick auf diese tolle Reise bleiben mir unbeschreiblich bunte V\u00f6gel, Nachtwanderungen durch dichte Regenw\u00e4lder, der warme Pazifik, naturbelassene und saubere Str\u00e4nde und viele freundliche Menschen in Erinnerung.<\/p>\n<p>Mit Sicherheit werde ich Costa Rica erneut bereise jedoch muss ich an meiner Planung besser arbeiten. So gibt es viele Tierarten, die nur in einigen Regionen zu bestimmten Jahreszeit zu entdecken sind. Weiter spielt die H\u00f6henlage und das Wetter eine gro\u00dfe Rolle, was mich bei der Suche des Rotaugenlaubfrosch fast zur Verzweiflung brachte.<\/p>\n<\/div><\/div><\/div><\/div><div id=\"pg-6863-1\"  class=\"panel-grid panel-no-style\" ><div id=\"pgc-6863-1-0\"  class=\"panel-grid-cell\" ><div id=\"panel-6863-1-0-0\" class=\"so-panel widget widget_origin_button panel-first-child panel-last-child\" data-index=\"2\" ><div class=\"origin-widget origin-widget-button origin-widget-button-simple-black align-left\"><a href=\"https:\/\/kruste.selfhost.me\/wordpress\/?page_id=6979\" \n>\n\tCosta Rica Sartseite<\/a>\n<\/div><\/div><\/div><div id=\"pgc-6863-1-1\"  class=\"panel-grid-cell\" ><div id=\"panel-6863-1-1-0\" class=\"so-panel widget widget_origin_button panel-first-child panel-last-child\" data-index=\"3\" ><div class=\"origin-widget origin-widget-button origin-widget-button-simple-black align-left\"><a href=\"https:\/\/kruste.selfhost.me\/wordpress\/?page_id=6955\" \n>\n\tBilder<\/a>\n<\/div><\/div><\/div><\/div><div id=\"pg-6863-2\"  class=\"panel-grid panel-no-style\" ><div id=\"pgc-6863-2-0\"  class=\"panel-grid-cell\" ><div id=\"panel-6863-2-0-0\" class=\"so-panel widget widget_black-studio-tinymce widget_black_studio_tinymce panel-first-child panel-last-child\" data-index=\"4\" ><div class=\"textwidget\"><\/div><\/div><\/div><\/div><\/div>","protected":false},"excerpt":{"rendered":"<p>Feuchte Regenw\u00e4lder und schwei\u00dftreibende Touren, so habe ich mir Costa Rica vorgestellt. Trocken und staubig habe ich es erlebt aber alles der Reihe nach. Das<\/p>\n","protected":false},"author":1,"featured_media":0,"comment_status":"closed","ping_status":"open","sticky":false,"template":"","format":"standard","meta":{"footnotes":""},"categories":[2],"tags":[162,153,158,159,157,156,145,122],"class_list":["post-6863","post","type-post","status-publish","format-standard","hentry","category-lander","tag-costa-rica","tag-edelweiss","tag-frosch","tag-kolibri","tag-pazifik","tag-schildkroeten","tag-straende","tag-swiss"],"_links":{"self":[{"href":"http:\/\/kruste.selfhost.me\/wordpress\/index.php?rest_route=\/wp\/v2\/posts\/6863","targetHints":{"allow":["GET"]}}],"collection":[{"href":"http:\/\/kruste.selfhost.me\/wordpress\/index.php?rest_route=\/wp\/v2\/posts"}],"about":[{"href":"http:\/\/kruste.selfhost.me\/wordpress\/index.php?rest_route=\/wp\/v2\/types\/post"}],"author":[{"embeddable":true,"href":"http:\/\/kruste.selfhost.me\/wordpress\/index.php?rest_route=\/wp\/v2\/users\/1"}],"replies":[{"embeddable":true,"href":"http:\/\/kruste.selfhost.me\/wordpress\/index.php?rest_route=%2Fwp%2Fv2%2Fcomments&post=6863"}],"version-history":[{"count":2,"href":"http:\/\/kruste.selfhost.me\/wordpress\/index.php?rest_route=\/wp\/v2\/posts\/6863\/revisions"}],"predecessor-version":[{"id":7317,"href":"http:\/\/kruste.selfhost.me\/wordpress\/index.php?rest_route=\/wp\/v2\/posts\/6863\/revisions\/7317"}],"wp:attachment":[{"href":"http:\/\/kruste.selfhost.me\/wordpress\/index.php?rest_route=%2Fwp%2Fv2%2Fmedia&parent=6863"}],"wp:term":[{"taxonomy":"category","embeddable":true,"href":"http:\/\/kruste.selfhost.me\/wordpress\/index.php?rest_route=%2Fwp%2Fv2%2Fcategories&post=6863"},{"taxonomy":"post_tag","embeddable":true,"href":"http:\/\/kruste.selfhost.me\/wordpress\/index.php?rest_route=%2Fwp%2Fv2%2Ftags&post=6863"}],"curies":[{"name":"wp","href":"https:\/\/api.w.org\/{rel}","templated":true}]}}